{"id":16,"__str__":"Fabr\u00edcio de Araujo Sousa (Fabr\u00edcio Portugu\u00eas) (1\u00ba orador)","link_detail_backend":"/sessao/oradorordemdia/16","metadata":{},"numero_ordem":1,"url_discurso":"https://youtu.be/VDZXUOaXw7g?t=2626","observacao":"","upload_anexo":null,"sessao_plenaria":107,"parlamentar":92}