{"id":614,"__str__":"Indica\u00e7\u00e3o n\u00ba 325 de 2022","link_detail_backend":"/materia/614","metadata":{},"numero":325,"ano":2022,"numero_protocolo":null,"data_apresentacao":"2022-06-07","tipo_apresentacao":"E","data_publicacao":null,"numero_origem_externa":"","ano_origem_externa":null,"data_origem_externa":null,"apelido":"","dias_prazo":null,"data_fim_prazo":null,"em_tramitacao":false,"polemica":false,"objeto":"","complementar":false,"ementa":"Em conformidade com os preceitos regimentais desta Casa Legislativa e ap\u00f3s ouvir o Douto Plen\u00e1rio INDICO, seja encaminhado expediente ao\r\nExmo. Senhor Prefeito Municipal Rafael Muzzi de Miranda , que interceda junto aos \u00f3rg\u00e3os competentes que viabilize a contrata\u00e7\u00e3o de um profissional de Fonoaudiologia para o Munic\u00edpio.","indexacao":"","observacao":"","resultado":"","texto_original":"http://sapl.cachoeirasdemacacu.rj.leg.br/media/sapl/public/materialegislativa/2022/614/ind_-_2022_-_0325-2022_-_darcileia_ulerisch_da_silva.pdf","data_ultima_atualizacao":"2024-07-23T15:07:16.103802-03:00","ip":"143.208.21.63","ultima_edicao":"2024-07-23T15:05:28.621031-03:00","tipo":2,"regime_tramitacao":1,"tipo_origem_externa":null,"local_origem_externa":null,"user":3,"anexadas":[],"autores":[100]}