{"id":2368,"__str__":"Projeto de Lei Ordin\u00e1ria n\u00ba 183 de 2026","link_detail_backend":"/materia/2368","metadata":{},"numero":183,"ano":2026,"numero_protocolo":null,"data_apresentacao":"2026-03-17","tipo_apresentacao":"E","data_publicacao":null,"numero_origem_externa":"","ano_origem_externa":null,"data_origem_externa":null,"apelido":"","dias_prazo":null,"data_fim_prazo":null,"em_tramitacao":true,"polemica":false,"objeto":"","complementar":false,"ementa":"\u201cInstitui, no \u00e2mbito do Munic\u00edpio de Cachoeiras de Macacu, a Pol\u00edtica Municipal de Combate ao Racismo nas Competi\u00e7\u00f5es e Eventos Esportivos e d\u00e1 outras providencias","indexacao":"Institui, Pol\u00edtica, Municipal, Combate, Racismo, Competi\u00e7\u00f5es, Eventos, Esportivos, outras, providencias","observacao":"","resultado":"","texto_original":"http://sapl.cachoeirasdemacacu.rj.leg.br/media/sapl/public/materialegislativa/2026/2368/plo_-_2026_-_0183_-_2026_-_ver_rogerio_de_souza_ramos_-_institui_politica_de_combate_racismo_nas_competicoes_e_eventos.pdf","data_ultima_atualizacao":"2026-03-20T14:59:35.284487-03:00","ip":"186.235.125.3","ultima_edicao":"2026-03-20T14:59:34.783290-03:00","tipo":5,"regime_tramitacao":1,"tipo_origem_externa":null,"local_origem_externa":null,"user":6,"anexadas":[],"autores":[113]}