{"id":2303,"__str__":"Indica\u00e7\u00e3o n\u00ba 8 de 2026","link_detail_backend":"/materia/2303","metadata":{},"numero":8,"ano":2026,"numero_protocolo":null,"data_apresentacao":"2026-01-08","tipo_apresentacao":"E","data_publicacao":null,"numero_origem_externa":"","ano_origem_externa":null,"data_origem_externa":null,"apelido":"","dias_prazo":null,"data_fim_prazo":null,"em_tramitacao":false,"polemica":false,"objeto":"","complementar":false,"ementa":"Indico a necessidade de implanta\u00e7\u00e3o de um anexo da Casa do Autista no bairro Papucaia, com o objetivo de ampliar a oferta de servi\u00e7os de apoio e atendimento \u00e0s pessoas com Transtomo do Espectro Autista (TEA) e suas familias","indexacao":"","observacao":"","resultado":"","texto_original":"http://sapl.cachoeirasdemacacu.rj.leg.br/media/sapl/public/materialegislativa/2026/2303/ind_-_2026_-_0008_-_2026_-_ver_rogerio_de_souza_-_executivo_interceder_implantacao_anexo_casa_autista_papucaia.pdf","data_ultima_atualizacao":"2026-03-24T14:15:46.093854-03:00","ip":"143.208.21.63","ultima_edicao":"2026-01-13T13:49:28.101381-03:00","tipo":2,"regime_tramitacao":1,"tipo_origem_externa":null,"local_origem_externa":null,"user":6,"anexadas":[],"autores":[113]}