{"id":1623,"__str__":"Mo\u00e7\u00e3o n\u00ba 385 de 2025","link_detail_backend":"/materia/1623","metadata":{},"numero":385,"ano":2025,"numero_protocolo":null,"data_apresentacao":"2025-03-26","tipo_apresentacao":"E","data_publicacao":null,"numero_origem_externa":"","ano_origem_externa":null,"data_origem_externa":null,"apelido":"","dias_prazo":null,"data_fim_prazo":null,"em_tramitacao":false,"polemica":false,"objeto":"","complementar":false,"ementa":"MO\u00c7\u00c3O DE CONGRATULA\u00c7\u00d5ES E APLAUSOS A EQUIPE DO ESF FARA\u00d3, PELO DESTAQUE DE INDICADORES DE 2024.\r\nEQUIPE: Fernanda de Ara\u00fajo Macedo, Gustavo Miward, Luana Silva da Rosa, Maril\u00e9ia Machado da Silva Azevedo, Michelle Rotina da Silva, Rosilene Belmiro de Frias, Silvia Ara\u00fajo Alves, Tania da Silva Concei\u00e7\u00e3o.","indexacao":"","observacao":"","resultado":"","texto_original":"http://sapl.cachoeirasdemacacu.rj.leg.br/media/sapl/public/materialegislativa/2025/1623/moc_-_2025_-_0452-2025_-_edivaldo_pereira_de_souza.pdf","data_ultima_atualizacao":"2025-04-28T12:17:43.724095-03:00","ip":"143.208.21.63","ultima_edicao":"2025-04-28T12:17:43.555724-03:00","tipo":4,"regime_tramitacao":1,"tipo_origem_externa":null,"local_origem_externa":null,"user":3,"anexadas":[],"autores":[5]}