{"id":1036,"__str__":"Projeto de Lei Ordin\u00e1ria n\u00ba 701 de 2023","link_detail_backend":"/materia/1036","metadata":{},"numero":701,"ano":2023,"numero_protocolo":null,"data_apresentacao":"2023-08-28","tipo_apresentacao":"E","data_publicacao":null,"numero_origem_externa":"","ano_origem_externa":null,"data_origem_externa":null,"apelido":"","dias_prazo":null,"data_fim_prazo":null,"em_tramitacao":false,"polemica":false,"objeto":"","complementar":false,"ementa":"\"D\u00c1 DENOMINA\u00c7\u00c3O AO PARQUE OL\u00cdMPICO EM CACHOEIRAS DE MACACU/RJ.\"","indexacao":"PARQUE OL\u00cdMPICO PROFESSOR CIBILIS DA ROCHA VIANA.","observacao":"","resultado":"","texto_original":"http://sapl.cachoeirasdemacacu.rj.leg.br/media/sapl/public/materialegislativa/2023/1036/plo_-_2023_-_0701-2023_-_poder_executivo_municipal.pdf","data_ultima_atualizacao":"2024-09-06T13:19:11.290382-03:00","ip":"143.208.21.63","ultima_edicao":"2024-09-06T13:19:11.196014-03:00","tipo":5,"regime_tramitacao":1,"tipo_origem_externa":null,"local_origem_externa":null,"user":5,"anexadas":[],"autores":[106]}